{"id":4350,"date":"2022-03-08T12:45:40","date_gmt":"2022-03-08T12:45:40","guid":{"rendered":"https:\/\/conceptic.io\/?p=4350"},"modified":"2022-03-22T18:10:54","modified_gmt":"2022-03-22T18:10:54","slug":"conceptic-io-celebre-la-journee-internationale-des-droits-de-la-femme-avec-laurene-gbonsou","status":"publish","type":"post","link":"https:\/\/conceptic.io\/en\/conceptic-io-celebre-la-journee-internationale-des-droits-de-la-femme-avec-laurene-gbonsou\/","title":{"rendered":"CONCEPTIC.IO\u00a0C\u00c9L\u00c8BRE LA JOURN\u00c9E INTERNATIONALE DES DROITS DE LA FEMME AVEC LAUR\u00c8NE GBONSOU"},"content":{"rendered":"<div class=\"wp-block-image\"><figure class=\"alignleft size-large is-resized\"><img decoding=\"async\" src=\"https:\/\/conceptic.io\/wp-content\/uploads\/2022\/03\/lolo-1.png\" alt=\"\" class=\"wp-image-4352\" width=\"-544\" height=\"-462\" srcset=\"https:\/\/conceptic.io\/wp-content\/uploads\/2022\/03\/lolo-1.png 693w, https:\/\/conceptic.io\/wp-content\/uploads\/2022\/03\/lolo-1-300x255.png 300w\" sizes=\"(max-width: 693px) 100vw, 693px\" \/><figcaption>Laur\u00e8ne F. GBONSOU<\/figcaption><\/figure><\/div>\n\n\n\n<p>Laur\u00e8ne est la plus jeune femme de&nbsp;<a href=\"https:\/\/conceptic.io\/en\/\" target=\"_blank\" rel=\"noreferrer noopener\">Conceptic.io<\/a>. Une de ses femmes b\u00e9ninoises vertueuses et tr\u00e8s professionnelles. Se souciant toujours du bien-\u00eatre de son entourage et de l\u2019\u00e9volution de sa structure, elle passe le plus clair de son temps \u00e0 s\u2019appliquer dans son travail. P\u00e9trie de talents, elle assume avec succ\u00e8s ses diff\u00e9rentes attributions de responsable web et artistique au sein de&nbsp;<a href=\"https:\/\/conceptic.io\/en\/\" target=\"_blank\" rel=\"noreferrer noopener\">conceptic.io<\/a>.<br>Consciente de ses limites et de sa jeunesse dans le monde professionnel, elle sait se rapprocher de ses sup\u00e9rieurs afin de toujours recueillir leurs avis .<br>Tr\u00e8s bavarde et amicale, elle sait se servir de ses atouts pour d\u00e9velopper une relation particuli\u00e8re avec ses coll\u00e8gues. Attentionn\u00e9e, elle veille presque toujours \u00e0 la bonne humeur et \u00e0 une ambiance festive \u00e0&nbsp;<a href=\"https:\/\/conceptic.io\/en\/\" target=\"_blank\" rel=\"noreferrer noopener\">conceptic.io<\/a>. Voil\u00e0 m\u00eame une des raisons pour laquelle elle se plait \u00e0 se <strong>qualifier de la petite douceur de la boite<\/strong>. Ce n&#8217;est pas faux ; m\u00eame si on ne la reconna\u00eet jamais comme cette lumi\u00e8re qui apporte un plus de joie \u00e0&nbsp;<a href=\"https:\/\/conceptic.io\/en\/\" target=\"_blank\" rel=\"noreferrer noopener\">Conceptic.io<\/a>.<br>Passionn\u00e9e de foot et de mangas, elle ne s\u2019ennuie jamais d\u2019en parler avec ses partenaires de travail. Supporteur du FC Barcelone comme deux autres AS de <a href=\"https:\/\/conceptic.io\/en\/\" target=\"_blank\" rel=\"noreferrer noopener\">Conceptic.io<\/a>&nbsp;; ils passent le peu de temps libre qu\u2019ils ont \u00e0 faire des d\u00e9bats que je trouve personnellement utile sur la comp\u00e9tence de tel ou tel joueur de FC Barcelone et \u00e0 se moquer du Real Madrid.<br>Du haut de ses 22 ans, Laur\u00e8ne est un exemple de femme qui use avec efficience de ses droits sans manquer ses devoirs \u00e0 travers le respect des hommes qui l\u2019entourent et qui font autant son bonheur qu\u2019elle en fait pour eux.&nbsp;<\/p>\n\n\n\n<p><a href=\"https:\/\/conceptic.io\/en\/\" target=\"_blank\" rel=\"noreferrer noopener\">Conceptic.io<\/a> souhaite \u00e0 toutes les femmes du B\u00e9nin et du monde une bonne f\u00eate de la journ\u00e9e internationale des droits de la femme.<\/p>","protected":false},"excerpt":{"rendered":"<p>Tr\u00e8s bavarde et amicale, elle sait se servir de ses atouts pour d\u00e9velopper une relation particuli\u00e8re avec ses coll\u00e8gues. Attentionn\u00e9e, elle veille presque toujours \u00e0 la bonne humeur et \u00e0 une ambiance festive \u00e0 conceptic.io<\/p>","protected":false},"author":1,"featured_media":4388,"comment_status":"closed","ping_status":"open","sticky":false,"template":"","format":"standard","meta":{"footnotes":""},"categories":[27],"tags":[],"class_list":["post-4350","post","type-post","status-publish","format-standard","has-post-thumbnail","hentry","category-notre-equipe"],"gutentor_comment":0,"yoast_head":"<!-- This site is optimized with the Yoast SEO plugin v17.1 - https:\/\/yoast.com\/wordpress\/plugins\/seo\/ -->\n<title>CONCEPTIC.IO\u00a0C\u00c9L\u00c8BRE LA JOURN\u00c9E INTERNATIONALE DES DROITS DE LA FEMME AVEC LAUR\u00c8NE GBONSOU - CONCEPTIC.IO SARL<\/title>\n<meta name=\"robots\" content=\"index, follow, max-snippet:-1, max-image-preview:large, max-video-preview:-1\" \/>\n<link rel=\"canonical\" href=\"https:\/\/conceptic.io\/en\/conceptic-io-celebre-la-journee-internationale-des-droits-de-la-femme-avec-laurene-gbonsou\/\" \/>\n<meta property=\"og:locale\" content=\"en_US\" \/>\n<meta property=\"og:type\" content=\"article\" \/>\n<meta property=\"og:title\" content=\"CONCEPTIC.IO\u00a0C\u00c9L\u00c8BRE LA JOURN\u00c9E INTERNATIONALE DES DROITS DE LA FEMME AVEC LAUR\u00c8NE GBONSOU - CONCEPTIC.IO SARL\" \/>\n<meta property=\"og:description\" content=\"Tr\u00e8s bavarde et amicale, elle sait se servir de ses atouts pour d\u00e9velopper une relation particuli\u00e8re avec ses coll\u00e8gues. Attentionn\u00e9e, elle veille presque toujours \u00e0 la bonne humeur et \u00e0 une ambiance festive \u00e0 conceptic.io\" \/>\n<meta property=\"og:url\" content=\"https:\/\/conceptic.io\/en\/conceptic-io-celebre-la-journee-internationale-des-droits-de-la-femme-avec-laurene-gbonsou\/\" \/>\n<meta property=\"og:site_name\" content=\"CONCEPTIC.IO SARL\" \/>\n<meta property=\"article:published_time\" content=\"2022-03-08T12:45:40+00:00\" \/>\n<meta property=\"article:modified_time\" content=\"2022-03-22T18:10:54+00:00\" \/>\n<meta property=\"og:image\" content=\"https:\/\/conceptic.io\/wp-content\/uploads\/2022\/03\/lolo-2.png\" \/>\n\t<meta property=\"og:image:width\" content=\"800\" \/>\n\t<meta property=\"og:image:height\" content=\"466\" \/>\n<meta name=\"twitter:card\" content=\"summary_large_image\" \/>\n<meta name=\"twitter:label1\" content=\"Written by\" \/>\n\t<meta name=\"twitter:data1\" content=\"concepticio\" \/>\n\t<meta name=\"twitter:label2\" content=\"Est. reading time\" \/>\n\t<meta name=\"twitter:data2\" content=\"2 minutes\" \/>\n<script type=\"application\/ld+json\" class=\"yoast-schema-graph\">{\"@context\":\"https:\/\/schema.org\",\"@graph\":[{\"@type\":\"WebSite\",\"@id\":\"https:\/\/conceptic.io\/#website\",\"url\":\"https:\/\/conceptic.io\/\",\"name\":\"CONCEPTIC.IO SARL\",\"description\":\"Soci\\u00e9t\\u00e9 de Services Num\\u00e9riques\",\"potentialAction\":[{\"@type\":\"SearchAction\",\"target\":{\"@type\":\"EntryPoint\",\"urlTemplate\":\"https:\/\/conceptic.io\/?s={search_term_string}\"},\"query-input\":\"required name=search_term_string\"}],\"inLanguage\":\"en-US\"},{\"@type\":\"ImageObject\",\"@id\":\"https:\/\/conceptic.io\/conceptic-io-celebre-la-journee-internationale-des-droits-de-la-femme-avec-laurene-gbonsou\/#primaryimage\",\"inLanguage\":\"en-US\",\"url\":\"https:\/\/conceptic.io\/wp-content\/uploads\/2022\/03\/lolo-2.png\",\"contentUrl\":\"https:\/\/conceptic.io\/wp-content\/uploads\/2022\/03\/lolo-2.png\",\"width\":800,\"height\":466},{\"@type\":\"WebPage\",\"@id\":\"https:\/\/conceptic.io\/conceptic-io-celebre-la-journee-internationale-des-droits-de-la-femme-avec-laurene-gbonsou\/#webpage\",\"url\":\"https:\/\/conceptic.io\/conceptic-io-celebre-la-journee-internationale-des-droits-de-la-femme-avec-laurene-gbonsou\/\",\"name\":\"CONCEPTIC.IO\\u00a0C\\u00c9L\\u00c8BRE LA JOURN\\u00c9E INTERNATIONALE DES DROITS DE LA FEMME AVEC LAUR\\u00c8NE GBONSOU - CONCEPTIC.IO SARL\",\"isPartOf\":{\"@id\":\"https:\/\/conceptic.io\/#website\"},\"primaryImageOfPage\":{\"@id\":\"https:\/\/conceptic.io\/conceptic-io-celebre-la-journee-internationale-des-droits-de-la-femme-avec-laurene-gbonsou\/#primaryimage\"},\"datePublished\":\"2022-03-08T12:45:40+00:00\",\"dateModified\":\"2022-03-22T18:10:54+00:00\",\"author\":{\"@id\":\"https:\/\/conceptic.io\/#\/schema\/person\/ae64bcab9b55114183399511728068a2\"},\"breadcrumb\":{\"@id\":\"https:\/\/conceptic.io\/conceptic-io-celebre-la-journee-internationale-des-droits-de-la-femme-avec-laurene-gbonsou\/#breadcrumb\"},\"inLanguage\":\"en-US\",\"potentialAction\":[{\"@type\":\"ReadAction\",\"target\":[\"https:\/\/conceptic.io\/conceptic-io-celebre-la-journee-internationale-des-droits-de-la-femme-avec-laurene-gbonsou\/\"]}]},{\"@type\":\"BreadcrumbList\",\"@id\":\"https:\/\/conceptic.io\/conceptic-io-celebre-la-journee-internationale-des-droits-de-la-femme-avec-laurene-gbonsou\/#breadcrumb\",\"itemListElement\":[{\"@type\":\"ListItem\",\"position\":1,\"name\":\"Accueil\",\"item\":\"https:\/\/conceptic.io\/\"},{\"@type\":\"ListItem\",\"position\":2,\"name\":\"CONCEPTIC.IO\\u00a0C\\u00c9L\\u00c8BRE LA JOURN\\u00c9E INTERNATIONALE DES DROITS DE LA FEMME AVEC LAUR\\u00c8NE GBONSOU\"}]},{\"@type\":\"Person\",\"@id\":\"https:\/\/conceptic.io\/#\/schema\/person\/ae64bcab9b55114183399511728068a2\",\"name\":\"concepticio\",\"image\":{\"@type\":\"ImageObject\",\"@id\":\"https:\/\/conceptic.io\/#personlogo\",\"inLanguage\":\"en-US\",\"url\":\"https:\/\/secure.gravatar.com\/avatar\/72f5481dc24a2bb9210942ef51b04d6ed4f737144ca78aa524a400060e216938?s=96&d=mm&r=g\",\"contentUrl\":\"https:\/\/secure.gravatar.com\/avatar\/72f5481dc24a2bb9210942ef51b04d6ed4f737144ca78aa524a400060e216938?s=96&d=mm&r=g\",\"caption\":\"concepticio\"},\"sameAs\":[\"https:\/\/concepticio\"],\"url\":\"https:\/\/conceptic.io\/en\/author\/conceptic\/\"}]}<\/script>\n<!-- \/ Yoast SEO plugin. -->","yoast_head_json":{"title":"CONCEPTIC.IO\u00a0C\u00c9L\u00c8BRE LA JOURN\u00c9E INTERNATIONALE DES DROITS DE LA FEMME AVEC LAUR\u00c8NE GBONSOU - CONCEPTIC.IO SARL","robots":{"index":"index","follow":"follow","max-snippet":"max-snippet:-1","max-image-preview":"max-image-preview:large","max-video-preview":"max-video-preview:-1"},"canonical":"https:\/\/conceptic.io\/en\/conceptic-io-celebre-la-journee-internationale-des-droits-de-la-femme-avec-laurene-gbonsou\/","og_locale":"en_US","og_type":"article","og_title":"CONCEPTIC.IO\u00a0C\u00c9L\u00c8BRE LA JOURN\u00c9E INTERNATIONALE DES DROITS DE LA FEMME AVEC LAUR\u00c8NE GBONSOU - CONCEPTIC.IO SARL","og_description":"Tr\u00e8s bavarde et amicale, elle sait se servir de ses atouts pour d\u00e9velopper une relation particuli\u00e8re avec ses coll\u00e8gues. Attentionn\u00e9e, elle veille presque toujours \u00e0 la bonne humeur et \u00e0 une ambiance festive \u00e0 conceptic.io","og_url":"https:\/\/conceptic.io\/en\/conceptic-io-celebre-la-journee-internationale-des-droits-de-la-femme-avec-laurene-gbonsou\/","og_site_name":"CONCEPTIC.IO SARL","article_published_time":"2022-03-08T12:45:40+00:00","article_modified_time":"2022-03-22T18:10:54+00:00","og_image":[{"width":800,"height":466,"url":"https:\/\/conceptic.io\/wp-content\/uploads\/2022\/03\/lolo-2.png","path":"\/home\/waieael\/concepticio\/wp-content\/uploads\/2022\/03\/lolo-2.png","size":"full","id":4388,"alt":"","pixels":372800,"type":"image\/png"}],"twitter_card":"summary_large_image","twitter_misc":{"Written by":"concepticio","Est. reading time":"2 minutes"},"schema":{"@context":"https:\/\/schema.org","@graph":[{"@type":"WebSite","@id":"https:\/\/conceptic.io\/#website","url":"https:\/\/conceptic.io\/","name":"CONCEPTIC.IO SARL","description":"Soci\u00e9t\u00e9 de Services Num\u00e9riques","potentialAction":[{"@type":"SearchAction","target":{"@type":"EntryPoint","urlTemplate":"https:\/\/conceptic.io\/?s={search_term_string}"},"query-input":"required name=search_term_string"}],"inLanguage":"en-US"},{"@type":"ImageObject","@id":"https:\/\/conceptic.io\/conceptic-io-celebre-la-journee-internationale-des-droits-de-la-femme-avec-laurene-gbonsou\/#primaryimage","inLanguage":"en-US","url":"https:\/\/conceptic.io\/wp-content\/uploads\/2022\/03\/lolo-2.png","contentUrl":"https:\/\/conceptic.io\/wp-content\/uploads\/2022\/03\/lolo-2.png","width":800,"height":466},{"@type":"WebPage","@id":"https:\/\/conceptic.io\/conceptic-io-celebre-la-journee-internationale-des-droits-de-la-femme-avec-laurene-gbonsou\/#webpage","url":"https:\/\/conceptic.io\/conceptic-io-celebre-la-journee-internationale-des-droits-de-la-femme-avec-laurene-gbonsou\/","name":"CONCEPTIC.IO\u00a0C\u00c9L\u00c8BRE LA JOURN\u00c9E INTERNATIONALE DES DROITS DE LA FEMME AVEC LAUR\u00c8NE GBONSOU - CONCEPTIC.IO SARL","isPartOf":{"@id":"https:\/\/conceptic.io\/#website"},"primaryImageOfPage":{"@id":"https:\/\/conceptic.io\/conceptic-io-celebre-la-journee-internationale-des-droits-de-la-femme-avec-laurene-gbonsou\/#primaryimage"},"datePublished":"2022-03-08T12:45:40+00:00","dateModified":"2022-03-22T18:10:54+00:00","author":{"@id":"https:\/\/conceptic.io\/#\/schema\/person\/ae64bcab9b55114183399511728068a2"},"breadcrumb":{"@id":"https:\/\/conceptic.io\/conceptic-io-celebre-la-journee-internationale-des-droits-de-la-femme-avec-laurene-gbonsou\/#breadcrumb"},"inLanguage":"en-US","potentialAction":[{"@type":"ReadAction","target":["https:\/\/conceptic.io\/conceptic-io-celebre-la-journee-internationale-des-droits-de-la-femme-avec-laurene-gbonsou\/"]}]},{"@type":"BreadcrumbList","@id":"https:\/\/conceptic.io\/conceptic-io-celebre-la-journee-internationale-des-droits-de-la-femme-avec-laurene-gbonsou\/#breadcrumb","itemListElement":[{"@type":"ListItem","position":1,"name":"Accueil","item":"https:\/\/conceptic.io\/"},{"@type":"ListItem","position":2,"name":"CONCEPTIC.IO\u00a0C\u00c9L\u00c8BRE LA JOURN\u00c9E INTERNATIONALE DES DROITS DE LA FEMME AVEC LAUR\u00c8NE GBONSOU"}]},{"@type":"Person","@id":"https:\/\/conceptic.io\/#\/schema\/person\/ae64bcab9b55114183399511728068a2","name":"concepticio","image":{"@type":"ImageObject","@id":"https:\/\/conceptic.io\/#personlogo","inLanguage":"en-US","url":"https:\/\/secure.gravatar.com\/avatar\/72f5481dc24a2bb9210942ef51b04d6ed4f737144ca78aa524a400060e216938?s=96&d=mm&r=g","contentUrl":"https:\/\/secure.gravatar.com\/avatar\/72f5481dc24a2bb9210942ef51b04d6ed4f737144ca78aa524a400060e216938?s=96&d=mm&r=g","caption":"concepticio"},"sameAs":["https:\/\/concepticio"],"url":"https:\/\/conceptic.io\/en\/author\/conceptic\/"}]}},"_links":{"self":[{"href":"https:\/\/conceptic.io\/en\/wp-json\/wp\/v2\/posts\/4350","targetHints":{"allow":["GET"]}}],"collection":[{"href":"https:\/\/conceptic.io\/en\/wp-json\/wp\/v2\/posts"}],"about":[{"href":"https:\/\/conceptic.io\/en\/wp-json\/wp\/v2\/types\/post"}],"author":[{"embeddable":true,"href":"https:\/\/conceptic.io\/en\/wp-json\/wp\/v2\/users\/1"}],"replies":[{"embeddable":true,"href":"https:\/\/conceptic.io\/en\/wp-json\/wp\/v2\/comments?post=4350"}],"version-history":[{"count":5,"href":"https:\/\/conceptic.io\/en\/wp-json\/wp\/v2\/posts\/4350\/revisions"}],"predecessor-version":[{"id":4389,"href":"https:\/\/conceptic.io\/en\/wp-json\/wp\/v2\/posts\/4350\/revisions\/4389"}],"wp:featuredmedia":[{"embeddable":true,"href":"https:\/\/conceptic.io\/en\/wp-json\/wp\/v2\/media\/4388"}],"wp:attachment":[{"href":"https:\/\/conceptic.io\/en\/wp-json\/wp\/v2\/media?parent=4350"}],"wp:term":[{"taxonomy":"category","embeddable":true,"href":"https:\/\/conceptic.io\/en\/wp-json\/wp\/v2\/categories?post=4350"},{"taxonomy":"post_tag","embeddable":true,"href":"https:\/\/conceptic.io\/en\/wp-json\/wp\/v2\/tags?post=4350"}],"curies":[{"name":"wp","href":"https:\/\/api.w.org\/{rel}","templated":true}]}}